{"id":4160,"date":"2026-03-10T13:12:45","date_gmt":"2026-03-10T12:12:45","guid":{"rendered":"https:\/\/www.juliadossantosbaptista.com\/brasilia-de-lutopie-a-la-capitale\/"},"modified":"2026-03-10T16:10:26","modified_gmt":"2026-03-10T15:10:26","slug":"brasilia-de-lutopie-a-la-capitale","status":"publish","type":"post","link":"https:\/\/www.juliadossantosbaptista.com\/pt-br\/brasilia-de-lutopie-a-la-capitale\/","title":{"rendered":"Brasilia \u2013 de l\u2019utopie \u00e0 la Capitale"},"content":{"rendered":"<p><a href=\"https:\/\/www.juliadossantosbaptista.com\/wp-content\/uploads\/\/WhatsApp-Image-2026-03-08-at-14.04.41-225x300.jpeg\"><img loading=\"lazy\" decoding=\"async\" class=\"alignnone size-medium wp-image-4148\" src=\"https:\/\/www.juliadossantosbaptista.com\/wp-content\/uploads\/\/WhatsApp-Image-2026-03-08-at-14.04.41-225x300.jpeg\" alt=\"\" width=\"225\" height=\"300\" srcset=\"https:\/\/www.juliadossantosbaptista.com\/wp-content\/uploads\/WhatsApp-Image-2026-03-08-at-14.04.41-225x300.jpeg 225w, https:\/\/www.juliadossantosbaptista.com\/wp-content\/uploads\/WhatsApp-Image-2026-03-08-at-14.04.41-450x600.jpeg 450w, https:\/\/www.juliadossantosbaptista.com\/wp-content\/uploads\/WhatsApp-Image-2026-03-08-at-14.04.41-18x24.jpeg 18w, https:\/\/www.juliadossantosbaptista.com\/wp-content\/uploads\/WhatsApp-Image-2026-03-08-at-14.04.41-27x36.jpeg 27w, https:\/\/www.juliadossantosbaptista.com\/wp-content\/uploads\/WhatsApp-Image-2026-03-08-at-14.04.41-36x48.jpeg 36w, https:\/\/www.juliadossantosbaptista.com\/wp-content\/uploads\/WhatsApp-Image-2026-03-08-at-14.04.41.jpeg 1080w\" sizes=\"auto, (max-width: 225px) 100vw, 225px\" \/><\/a><\/p>\n<p>Brasilia \u2013 de l\u2019utopie \u00e0 la capitale<\/p>\n<p data-start=\"0\" data-end=\"46\">16 a 21\/03\/2026<\/p>\n<p data-start=\"0\" data-end=\"46\">Palais d\u2019I\u00e9na \u2013 9, 75016 Paris, Fran\u00e7a<\/p>\n<p data-start=\"48\" data-end=\"427\">No contexto da Temporada Brasil\u2013Fran\u00e7a, a exposi\u00e7\u00e3o \u201cBras\u00edlia \u2013 Da Utopia \u00e0 Capital\u201d, com curadoria de Danielle Athayde, chega ao Palais d\u2019I\u00e9na, em Paris. A mostra j\u00e1 percorreu com sucesso 8 pa\u00edses e revisita o projeto da nova capital lan\u00e7ado no final da d\u00e9cada de 1950 sob a lideran\u00e7a do presidente vision\u00e1rio Juscelino Kubitschek. Participarei com a obra <em>Bras\u00edlia Vermelha<\/em>.<\/p>\n<p data-start=\"429\" data-end=\"607\" data-is-last-node=\"\" data-is-only-node=\"\">Os visitantes saem com uma melhor compreens\u00e3o da hist\u00f3ria e das mensagens monumentais de Bras\u00edlia, que para muitos representa o desejo de progresso conjunto, democracia e futuro.<\/p>\n","protected":false},"excerpt":{"rendered":"<p>Brasilia \u2013 de l\u2019utopie \u00e0 la capitale 16 a 21\/03\/2026 Palais d\u2019I\u00e9na \u2013 9, 75016 Paris, Fran\u00e7a No contexto da Temporada Brasil\u2013Fran\u00e7a, a exposi\u00e7\u00e3o \u201cBras\u00edlia \u2013 Da Utopia \u00e0 Capital\u201d, com curadoria de Danielle Athayde, chega ao Palais d\u2019I\u00e9na, em Paris. A mostra j\u00e1 percorreu com sucesso 8 pa\u00edses e revisita o projeto da nova [&hellip;]<\/p>\n","protected":false},"author":5,"featured_media":0,"comment_status":"closed","ping_status":"closed","sticky":false,"template":"","format":"standard","meta":{"_acf_changed":false,"_genesis_hide_title":false,"_genesis_hide_breadcrumbs":false,"_genesis_hide_singular_image":false,"_genesis_hide_footer_widgets":false,"_genesis_custom_body_class":"","_genesis_custom_post_class":"","_genesis_layout":"","footnotes":""},"categories":[49],"tags":[],"class_list":{"0":"post-4160","1":"post","2":"type-post","3":"status-publish","4":"format-standard","6":"category-current-pt-br-2","7":"entry"},"acf":[],"yoast_head":"<!-- This site is optimized with the Yoast SEO plugin v27.5 - https:\/\/yoast.com\/product\/yoast-seo-wordpress\/ -->\n<title>Brasilia \u2013 de l\u2019utopie \u00e0 la Capitale - J&uacute;lia dos Santos Baptista<\/title>\n<meta name=\"robots\" content=\"index, follow, max-snippet:-1, max-image-preview:large, max-video-preview:-1\" \/>\n<link rel=\"canonical\" href=\"https:\/\/www.juliadossantosbaptista.com\/pt-br\/brasilia-de-lutopie-a-la-capitale\/\" \/>\n<meta property=\"og:locale\" content=\"pt_BR\" \/>\n<meta property=\"og:type\" content=\"article\" \/>\n<meta property=\"og:title\" content=\"Brasilia \u2013 de l\u2019utopie \u00e0 la Capitale - J&uacute;lia dos Santos Baptista\" \/>\n<meta property=\"og:description\" content=\"Brasilia \u2013 de l\u2019utopie \u00e0 la capitale 16 a 21\/03\/2026 Palais d\u2019I\u00e9na \u2013 9, 75016 Paris, Fran\u00e7a No contexto da Temporada Brasil\u2013Fran\u00e7a, a exposi\u00e7\u00e3o \u201cBras\u00edlia \u2013 Da Utopia \u00e0 Capital\u201d, com curadoria de Danielle Athayde, chega ao Palais d\u2019I\u00e9na, em Paris. A mostra j\u00e1 percorreu com sucesso 8 pa\u00edses e revisita o projeto da nova [&hellip;]\" \/>\n<meta property=\"og:url\" content=\"https:\/\/www.juliadossantosbaptista.com\/pt-br\/brasilia-de-lutopie-a-la-capitale\/\" \/>\n<meta property=\"og:site_name\" content=\"J&uacute;lia dos Santos Baptista\" \/>\n<meta property=\"article:published_time\" content=\"2026-03-10T12:12:45+00:00\" \/>\n<meta property=\"article:modified_time\" content=\"2026-03-10T15:10:26+00:00\" \/>\n<meta property=\"og:image\" content=\"https:\/\/www.juliadossantosbaptista.com\/wp-content\/uploads\/WhatsApp-Image-2026-03-08-at-14.04.41.jpeg\" \/>\n\t<meta property=\"og:image:width\" content=\"1080\" \/>\n\t<meta property=\"og:image:height\" content=\"1440\" \/>\n\t<meta property=\"og:image:type\" content=\"image\/jpeg\" \/>\n<meta name=\"author\" content=\"julia dos santos baptista\" \/>\n<meta name=\"twitter:card\" content=\"summary_large_image\" \/>\n<meta name=\"twitter:label1\" content=\"Escrito por\" \/>\n\t<meta name=\"twitter:data1\" content=\"julia dos santos baptista\" \/>\n\t<meta name=\"twitter:label2\" content=\"Est. tempo de leitura\" \/>\n\t<meta name=\"twitter:data2\" content=\"1 minuto\" \/>\n<script type=\"application\/ld+json\" class=\"yoast-schema-graph\">{\"@context\":\"https:\\\/\\\/schema.org\",\"@graph\":[{\"@type\":\"Article\",\"@id\":\"https:\\\/\\\/www.juliadossantosbaptista.com\\\/pt-br\\\/brasilia-de-lutopie-a-la-capitale\\\/#article\",\"isPartOf\":{\"@id\":\"https:\\\/\\\/www.juliadossantosbaptista.com\\\/pt-br\\\/brasilia-de-lutopie-a-la-capitale\\\/\"},\"author\":{\"name\":\"julia dos santos baptista\",\"@id\":\"https:\\\/\\\/www.juliadossantosbaptista.com\\\/pt-br\\\/#\\\/schema\\\/person\\\/76d7caf1423b23b0494c70fcc6a6a380\"},\"headline\":\"Brasilia \u2013 de l\u2019utopie \u00e0 la Capitale\",\"datePublished\":\"2026-03-10T12:12:45+00:00\",\"dateModified\":\"2026-03-10T15:10:26+00:00\",\"mainEntityOfPage\":{\"@id\":\"https:\\\/\\\/www.juliadossantosbaptista.com\\\/pt-br\\\/brasilia-de-lutopie-a-la-capitale\\\/\"},\"wordCount\":118,\"image\":{\"@id\":\"https:\\\/\\\/www.juliadossantosbaptista.com\\\/pt-br\\\/brasilia-de-lutopie-a-la-capitale\\\/#primaryimage\"},\"thumbnailUrl\":\"https:\\\/\\\/www.juliadossantosbaptista.com\\\/wp-content\\\/uploads\\\/\\\/WhatsApp-Image-2026-03-08-at-14.04.41-225x300.jpeg\",\"articleSection\":[\"Current\"],\"inLanguage\":\"pt-BR\"},{\"@type\":\"WebPage\",\"@id\":\"https:\\\/\\\/www.juliadossantosbaptista.com\\\/pt-br\\\/brasilia-de-lutopie-a-la-capitale\\\/\",\"url\":\"https:\\\/\\\/www.juliadossantosbaptista.com\\\/pt-br\\\/brasilia-de-lutopie-a-la-capitale\\\/\",\"name\":\"Brasilia \u2013 de l\u2019utopie \u00e0 la Capitale - J&uacute;lia dos Santos Baptista\",\"isPartOf\":{\"@id\":\"https:\\\/\\\/www.juliadossantosbaptista.com\\\/pt-br\\\/#website\"},\"primaryImageOfPage\":{\"@id\":\"https:\\\/\\\/www.juliadossantosbaptista.com\\\/pt-br\\\/brasilia-de-lutopie-a-la-capitale\\\/#primaryimage\"},\"image\":{\"@id\":\"https:\\\/\\\/www.juliadossantosbaptista.com\\\/pt-br\\\/brasilia-de-lutopie-a-la-capitale\\\/#primaryimage\"},\"thumbnailUrl\":\"https:\\\/\\\/www.juliadossantosbaptista.com\\\/wp-content\\\/uploads\\\/\\\/WhatsApp-Image-2026-03-08-at-14.04.41-225x300.jpeg\",\"datePublished\":\"2026-03-10T12:12:45+00:00\",\"dateModified\":\"2026-03-10T15:10:26+00:00\",\"author\":{\"@id\":\"https:\\\/\\\/www.juliadossantosbaptista.com\\\/pt-br\\\/#\\\/schema\\\/person\\\/76d7caf1423b23b0494c70fcc6a6a380\"},\"breadcrumb\":{\"@id\":\"https:\\\/\\\/www.juliadossantosbaptista.com\\\/pt-br\\\/brasilia-de-lutopie-a-la-capitale\\\/#breadcrumb\"},\"inLanguage\":\"pt-BR\",\"potentialAction\":[{\"@type\":\"ReadAction\",\"target\":[\"https:\\\/\\\/www.juliadossantosbaptista.com\\\/pt-br\\\/brasilia-de-lutopie-a-la-capitale\\\/\"]}]},{\"@type\":\"ImageObject\",\"inLanguage\":\"pt-BR\",\"@id\":\"https:\\\/\\\/www.juliadossantosbaptista.com\\\/pt-br\\\/brasilia-de-lutopie-a-la-capitale\\\/#primaryimage\",\"url\":\"https:\\\/\\\/www.juliadossantosbaptista.com\\\/wp-content\\\/uploads\\\/\\\/WhatsApp-Image-2026-03-08-at-14.04.41-225x300.jpeg\",\"contentUrl\":\"https:\\\/\\\/www.juliadossantosbaptista.com\\\/wp-content\\\/uploads\\\/\\\/WhatsApp-Image-2026-03-08-at-14.04.41-225x300.jpeg\"},{\"@type\":\"BreadcrumbList\",\"@id\":\"https:\\\/\\\/www.juliadossantosbaptista.com\\\/pt-br\\\/brasilia-de-lutopie-a-la-capitale\\\/#breadcrumb\",\"itemListElement\":[{\"@type\":\"ListItem\",\"position\":1,\"name\":\"Home\",\"item\":\"https:\\\/\\\/www.juliadossantosbaptista.com\\\/pt-br\\\/\"},{\"@type\":\"ListItem\",\"position\":2,\"name\":\"Brasilia \u2013 de l\u2019utopie \u00e0 la Capitale\"}]},{\"@type\":\"WebSite\",\"@id\":\"https:\\\/\\\/www.juliadossantosbaptista.com\\\/pt-br\\\/#website\",\"url\":\"https:\\\/\\\/www.juliadossantosbaptista.com\\\/pt-br\\\/\",\"name\":\"J&uacute;lia dos Santos Baptista\",\"description\":\"Painter\",\"potentialAction\":[{\"@type\":\"SearchAction\",\"target\":{\"@type\":\"EntryPoint\",\"urlTemplate\":\"https:\\\/\\\/www.juliadossantosbaptista.com\\\/pt-br\\\/?s={search_term_string}\"},\"query-input\":{\"@type\":\"PropertyValueSpecification\",\"valueRequired\":true,\"valueName\":\"search_term_string\"}}],\"inLanguage\":\"pt-BR\"},{\"@type\":\"Person\",\"@id\":\"https:\\\/\\\/www.juliadossantosbaptista.com\\\/pt-br\\\/#\\\/schema\\\/person\\\/76d7caf1423b23b0494c70fcc6a6a380\",\"name\":\"julia dos santos baptista\",\"image\":{\"@type\":\"ImageObject\",\"inLanguage\":\"pt-BR\",\"@id\":\"https:\\\/\\\/secure.gravatar.com\\\/avatar\\\/2c16e493198fc0f3e66065f0793458f0163935f85530fde46b11732fb3c464ed?s=96&d=mm&r=g\",\"url\":\"https:\\\/\\\/secure.gravatar.com\\\/avatar\\\/2c16e493198fc0f3e66065f0793458f0163935f85530fde46b11732fb3c464ed?s=96&d=mm&r=g\",\"contentUrl\":\"https:\\\/\\\/secure.gravatar.com\\\/avatar\\\/2c16e493198fc0f3e66065f0793458f0163935f85530fde46b11732fb3c464ed?s=96&d=mm&r=g\",\"caption\":\"julia dos santos baptista\"},\"url\":\"https:\\\/\\\/www.juliadossantosbaptista.com\\\/pt-br\\\/author\\\/julia-dos-santos-baptista\\\/\"}]}<\/script>\n<!-- \/ Yoast SEO plugin. -->","yoast_head_json":{"title":"Brasilia \u2013 de l\u2019utopie \u00e0 la Capitale - J&uacute;lia dos Santos Baptista","robots":{"index":"index","follow":"follow","max-snippet":"max-snippet:-1","max-image-preview":"max-image-preview:large","max-video-preview":"max-video-preview:-1"},"canonical":"https:\/\/www.juliadossantosbaptista.com\/pt-br\/brasilia-de-lutopie-a-la-capitale\/","og_locale":"pt_BR","og_type":"article","og_title":"Brasilia \u2013 de l\u2019utopie \u00e0 la Capitale - J&uacute;lia dos Santos Baptista","og_description":"Brasilia \u2013 de l\u2019utopie \u00e0 la capitale 16 a 21\/03\/2026 Palais d\u2019I\u00e9na \u2013 9, 75016 Paris, Fran\u00e7a No contexto da Temporada Brasil\u2013Fran\u00e7a, a exposi\u00e7\u00e3o \u201cBras\u00edlia \u2013 Da Utopia \u00e0 Capital\u201d, com curadoria de Danielle Athayde, chega ao Palais d\u2019I\u00e9na, em Paris. A mostra j\u00e1 percorreu com sucesso 8 pa\u00edses e revisita o projeto da nova [&hellip;]","og_url":"https:\/\/www.juliadossantosbaptista.com\/pt-br\/brasilia-de-lutopie-a-la-capitale\/","og_site_name":"J&uacute;lia dos Santos Baptista","article_published_time":"2026-03-10T12:12:45+00:00","article_modified_time":"2026-03-10T15:10:26+00:00","og_image":[{"width":1080,"height":1440,"url":"https:\/\/www.juliadossantosbaptista.com\/wp-content\/uploads\/WhatsApp-Image-2026-03-08-at-14.04.41.jpeg","type":"image\/jpeg"}],"author":"julia dos santos baptista","twitter_card":"summary_large_image","twitter_misc":{"Escrito por":"julia dos santos baptista","Est. tempo de leitura":"1 minuto"},"schema":{"@context":"https:\/\/schema.org","@graph":[{"@type":"Article","@id":"https:\/\/www.juliadossantosbaptista.com\/pt-br\/brasilia-de-lutopie-a-la-capitale\/#article","isPartOf":{"@id":"https:\/\/www.juliadossantosbaptista.com\/pt-br\/brasilia-de-lutopie-a-la-capitale\/"},"author":{"name":"julia dos santos baptista","@id":"https:\/\/www.juliadossantosbaptista.com\/pt-br\/#\/schema\/person\/76d7caf1423b23b0494c70fcc6a6a380"},"headline":"Brasilia \u2013 de l\u2019utopie \u00e0 la Capitale","datePublished":"2026-03-10T12:12:45+00:00","dateModified":"2026-03-10T15:10:26+00:00","mainEntityOfPage":{"@id":"https:\/\/www.juliadossantosbaptista.com\/pt-br\/brasilia-de-lutopie-a-la-capitale\/"},"wordCount":118,"image":{"@id":"https:\/\/www.juliadossantosbaptista.com\/pt-br\/brasilia-de-lutopie-a-la-capitale\/#primaryimage"},"thumbnailUrl":"https:\/\/www.juliadossantosbaptista.com\/wp-content\/uploads\/\/WhatsApp-Image-2026-03-08-at-14.04.41-225x300.jpeg","articleSection":["Current"],"inLanguage":"pt-BR"},{"@type":"WebPage","@id":"https:\/\/www.juliadossantosbaptista.com\/pt-br\/brasilia-de-lutopie-a-la-capitale\/","url":"https:\/\/www.juliadossantosbaptista.com\/pt-br\/brasilia-de-lutopie-a-la-capitale\/","name":"Brasilia \u2013 de l\u2019utopie \u00e0 la Capitale - J&uacute;lia dos Santos Baptista","isPartOf":{"@id":"https:\/\/www.juliadossantosbaptista.com\/pt-br\/#website"},"primaryImageOfPage":{"@id":"https:\/\/www.juliadossantosbaptista.com\/pt-br\/brasilia-de-lutopie-a-la-capitale\/#primaryimage"},"image":{"@id":"https:\/\/www.juliadossantosbaptista.com\/pt-br\/brasilia-de-lutopie-a-la-capitale\/#primaryimage"},"thumbnailUrl":"https:\/\/www.juliadossantosbaptista.com\/wp-content\/uploads\/\/WhatsApp-Image-2026-03-08-at-14.04.41-225x300.jpeg","datePublished":"2026-03-10T12:12:45+00:00","dateModified":"2026-03-10T15:10:26+00:00","author":{"@id":"https:\/\/www.juliadossantosbaptista.com\/pt-br\/#\/schema\/person\/76d7caf1423b23b0494c70fcc6a6a380"},"breadcrumb":{"@id":"https:\/\/www.juliadossantosbaptista.com\/pt-br\/brasilia-de-lutopie-a-la-capitale\/#breadcrumb"},"inLanguage":"pt-BR","potentialAction":[{"@type":"ReadAction","target":["https:\/\/www.juliadossantosbaptista.com\/pt-br\/brasilia-de-lutopie-a-la-capitale\/"]}]},{"@type":"ImageObject","inLanguage":"pt-BR","@id":"https:\/\/www.juliadossantosbaptista.com\/pt-br\/brasilia-de-lutopie-a-la-capitale\/#primaryimage","url":"https:\/\/www.juliadossantosbaptista.com\/wp-content\/uploads\/\/WhatsApp-Image-2026-03-08-at-14.04.41-225x300.jpeg","contentUrl":"https:\/\/www.juliadossantosbaptista.com\/wp-content\/uploads\/\/WhatsApp-Image-2026-03-08-at-14.04.41-225x300.jpeg"},{"@type":"BreadcrumbList","@id":"https:\/\/www.juliadossantosbaptista.com\/pt-br\/brasilia-de-lutopie-a-la-capitale\/#breadcrumb","itemListElement":[{"@type":"ListItem","position":1,"name":"Home","item":"https:\/\/www.juliadossantosbaptista.com\/pt-br\/"},{"@type":"ListItem","position":2,"name":"Brasilia \u2013 de l\u2019utopie \u00e0 la Capitale"}]},{"@type":"WebSite","@id":"https:\/\/www.juliadossantosbaptista.com\/pt-br\/#website","url":"https:\/\/www.juliadossantosbaptista.com\/pt-br\/","name":"J&uacute;lia dos Santos Baptista","description":"Painter","potentialAction":[{"@type":"SearchAction","target":{"@type":"EntryPoint","urlTemplate":"https:\/\/www.juliadossantosbaptista.com\/pt-br\/?s={search_term_string}"},"query-input":{"@type":"PropertyValueSpecification","valueRequired":true,"valueName":"search_term_string"}}],"inLanguage":"pt-BR"},{"@type":"Person","@id":"https:\/\/www.juliadossantosbaptista.com\/pt-br\/#\/schema\/person\/76d7caf1423b23b0494c70fcc6a6a380","name":"julia dos santos baptista","image":{"@type":"ImageObject","inLanguage":"pt-BR","@id":"https:\/\/secure.gravatar.com\/avatar\/2c16e493198fc0f3e66065f0793458f0163935f85530fde46b11732fb3c464ed?s=96&d=mm&r=g","url":"https:\/\/secure.gravatar.com\/avatar\/2c16e493198fc0f3e66065f0793458f0163935f85530fde46b11732fb3c464ed?s=96&d=mm&r=g","contentUrl":"https:\/\/secure.gravatar.com\/avatar\/2c16e493198fc0f3e66065f0793458f0163935f85530fde46b11732fb3c464ed?s=96&d=mm&r=g","caption":"julia dos santos baptista"},"url":"https:\/\/www.juliadossantosbaptista.com\/pt-br\/author\/julia-dos-santos-baptista\/"}]}},"_links":{"self":[{"href":"https:\/\/www.juliadossantosbaptista.com\/pt-br\/wp-json\/wp\/v2\/posts\/4160","targetHints":{"allow":["GET"]}}],"collection":[{"href":"https:\/\/www.juliadossantosbaptista.com\/pt-br\/wp-json\/wp\/v2\/posts"}],"about":[{"href":"https:\/\/www.juliadossantosbaptista.com\/pt-br\/wp-json\/wp\/v2\/types\/post"}],"author":[{"embeddable":true,"href":"https:\/\/www.juliadossantosbaptista.com\/pt-br\/wp-json\/wp\/v2\/users\/5"}],"replies":[{"embeddable":true,"href":"https:\/\/www.juliadossantosbaptista.com\/pt-br\/wp-json\/wp\/v2\/comments?post=4160"}],"version-history":[{"count":7,"href":"https:\/\/www.juliadossantosbaptista.com\/pt-br\/wp-json\/wp\/v2\/posts\/4160\/revisions"}],"predecessor-version":[{"id":4171,"href":"https:\/\/www.juliadossantosbaptista.com\/pt-br\/wp-json\/wp\/v2\/posts\/4160\/revisions\/4171"}],"wp:attachment":[{"href":"https:\/\/www.juliadossantosbaptista.com\/pt-br\/wp-json\/wp\/v2\/media?parent=4160"}],"wp:term":[{"taxonomy":"category","embeddable":true,"href":"https:\/\/www.juliadossantosbaptista.com\/pt-br\/wp-json\/wp\/v2\/categories?post=4160"},{"taxonomy":"post_tag","embeddable":true,"href":"https:\/\/www.juliadossantosbaptista.com\/pt-br\/wp-json\/wp\/v2\/tags?post=4160"}],"curies":[{"name":"wp","href":"https:\/\/api.w.org\/{rel}","templated":true}]}}